{"id":12111,"date":"2025-07-11T21:18:05","date_gmt":"2025-07-11T21:18:05","guid":{"rendered":"http:\/\/artykuly.pageblogi.pl\/?p=12111"},"modified":"2025-07-11T21:18:05","modified_gmt":"2025-07-11T21:18:05","slug":"czym-moze-zajmowac-sie-radca-prawny-w-firmie","status":"publish","type":"post","link":"http:\/\/artykuly.pageblogi.pl\/?p=12111","title":{"rendered":"Czym mo\u017ce zajmowa\u0107 si\u0119 radca prawny w firmie"},"content":{"rendered":"<p>Radca prawny to zaw\u00f3d zwi\u0105zany z szeroko poj\u0119tym \u015bwiatem prawa, obejmuj\u0105cym zar\u00f3wno doradztwo, jak i reprezentacj\u0119 klient\u00f3w w r\u00f3\u017cnorakich sprawach prawnych. W zakres dzia\u0142alno\u015bci osoby wykonuj\u0105cej ten zaw\u00f3d wchodzi udzielanie porad prawnych, sporz\u0105dzanie opinii a tak\u017ce opiniowanie dokument\u00f3w prawnych. Radca prawny cz\u0119sto pomaga w interpretacji przepis\u00f3w oraz wskazuje sposobno\u015bci prawne dost\u0119pne dla os\u00f3b fizycznych oraz podmiot\u00f3w gospodarczych.<!--more--><\/p>\n<p>  Do jego obowi\u0105zk\u00f3w trzeba te\u017c przygotowywanie pism procesowych i innych dokument\u00f3w niezb\u0119dnych w toku post\u0119powania s\u0105dowego lub administracyjnego.<\/p>\n<p>W praktyce radca prawny mo\u017ce reprezentowa\u0107 klienta przed s\u0105dami r\u00f3\u017cnorakich instancji, urz\u0119dami czy innymi organami, a tak\u017ce uczestniczy\u0107 w negocjacjach i mediacjach. W zakresie jego pracy mie\u015bci si\u0119 tak\u017ce doradztwo w zakresie prawa gospodarczego, handlowego, cywilnego czy pracy. Radca prawny mo\u017ce by\u0107 zaanga\u017cowany w obs\u0142ug\u0119 prawn\u0105 przedsi\u0119biorstw, gdzie gwarantuje wsparcie w zakresie um\u00f3w, spor\u00f3w pracowniczych, ochrony danych osobowych czy innych aspekt\u00f3w zwi\u0105zanych z funkcjonowaniem firm. W niekt\u00f3rych sytuacjach zajmuje si\u0119 te\u017c kwestiami dotycz\u0105cymi nieruchomo\u015bci, podatk\u00f3w oraz prawa administracyjnego.<\/p>\n<p>Zaw\u00f3d radcy prawnego wi\u0105\u017ce si\u0119 z konieczno\u015bci\u0105 ci\u0105g\u0142ego doskonalenia i aktualizowania wiedzy, poniewa\u017c prawo podlega cz\u0119stym zmianom i modyfikacjom. Osoby wykonuj\u0105ce ten zaw\u00f3d musz\u0105 posiada\u0107 umiej\u0119tno\u015b\u0107 analizy z\u0142o\u017conych sytuacji prawnych a tak\u017ce wykazywa\u0107 si\u0119 precyzj\u0105 i odpowiedzialno\u015bci\u0105 w przygotowywaniu dokument\u00f3w. W ramach w\u0142asnej dzia\u0142alno\u015bci mog\u0105 pracowa\u0107 zar\u00f3wno samemu, prowadz\u0105c swoj\u0105 kancelari\u0119, jak i by\u0107 zatrudnieni w r\u00f3\u017cnych instytucjach czy firmach, gdzie \u015bwiadcz\u0105 us\u0142ugi prawne na rzecz klient\u00f3w albo pracodawcy.<\/p>\n<p>Radca prawny w polskim systemie prawnym pe\u0142ni bardzo istotn\u0105 rol\u0119 w udzielaniu profesjonalnej pomocy prawnej, maj\u0105cej na celu wsparcie os\u00f3b potrzebuj\u0105cych interpretacji prawa a tak\u017ce ochrony swoich praw i interes\u00f3w. Jego zadania obejmuj\u0105 zar\u00f3wno dzia\u0142ania profilaktyczne, jak i interwencyjne, co sprawia, \u017ce zaw\u00f3d ten jest istotnym elementem funkcjonowania wymiaru sprawiedliwo\u015bci a tak\u017ce szeroko rozumianej dzia\u0142alno\u015bci gospodarczej i administracyjnej. Praca radcy prawnego wymaga znajomo\u015bci wielu dziedzin prawa oraz zdolno\u015bci komunikacyjnych, kt\u00f3re pozwalaj\u0105 na skuteczne porozumiewanie si\u0119 z klientami i organami pa\u0144stwowymi.<br \/>\n<br \/>Warto sprawdzi\u0107 informacje: <a href=\"https:\/\/kancelarialuszczynski.pl\">radca prawny Golub-Dobrzy\u0144<\/a>.<br \/>\n<br \/><em>Informacje na stronie maj\u0105 charakter wy\u0142\u0105cznie informacyjny, nie s\u0105 porad\u0105 inwestycyjn\u0105, finansow\u0105 czy prawn\u0105.<\/em><br \/>\n<br \/><span style=\"font-weight: bold;\">[Publikacja sponsorowana]<\/span><\/p>\n","protected":false},"excerpt":{"rendered":"<p>Radca prawny to zaw\u00f3d zwi\u0105zany z szeroko poj\u0119tym \u015bwiatem prawa, obejmuj\u0105cym zar\u00f3wno doradztwo, jak i reprezentacj\u0119 klient\u00f3w w r\u00f3\u017cnorakich sprawach prawnych. W zakres dzia\u0142alno\u015bci osoby&hellip;<\/p>\n","protected":false},"author":1,"featured_media":0,"comment_status":"closed","ping_status":"closed","sticky":false,"template":"","format":"standard","meta":[],"categories":[1],"tags":[],"_links":{"self":[{"href":"http:\/\/artykuly.pageblogi.pl\/index.php?rest_route=\/wp\/v2\/posts\/12111"}],"collection":[{"href":"http:\/\/artykuly.pageblogi.pl\/index.php?rest_route=\/wp\/v2\/posts"}],"about":[{"href":"http:\/\/artykuly.pageblogi.pl\/index.php?rest_route=\/wp\/v2\/types\/post"}],"author":[{"embeddable":true,"href":"http:\/\/artykuly.pageblogi.pl\/index.php?rest_route=\/wp\/v2\/users\/1"}],"replies":[{"embeddable":true,"href":"http:\/\/artykuly.pageblogi.pl\/index.php?rest_route=%2Fwp%2Fv2%2Fcomments&post=12111"}],"version-history":[{"count":1,"href":"http:\/\/artykuly.pageblogi.pl\/index.php?rest_route=\/wp\/v2\/posts\/12111\/revisions"}],"predecessor-version":[{"id":12112,"href":"http:\/\/artykuly.pageblogi.pl\/index.php?rest_route=\/wp\/v2\/posts\/12111\/revisions\/12112"}],"wp:attachment":[{"href":"http:\/\/artykuly.pageblogi.pl\/index.php?rest_route=%2Fwp%2Fv2%2Fmedia&parent=12111"}],"wp:term":[{"taxonomy":"category","embeddable":true,"href":"http:\/\/artykuly.pageblogi.pl\/index.php?rest_route=%2Fwp%2Fv2%2Fcategories&post=12111"},{"taxonomy":"post_tag","embeddable":true,"href":"http:\/\/artykuly.pageblogi.pl\/index.php?rest_route=%2Fwp%2Fv2%2Ftags&post=12111"}],"curies":[{"name":"wp","href":"https:\/\/api.w.org\/{rel}","templated":true}]}}